{"id":2715,"date":"2026-04-28T19:16:09","date_gmt":"2026-04-28T17:16:09","guid":{"rendered":"https:\/\/meussia.fr\/?p=2715"},"modified":"2026-04-28T19:16:35","modified_gmt":"2026-04-28T17:16:35","slug":"ceremonie-du-8-mai","status":"publish","type":"post","link":"https:\/\/meussia.fr\/?p=2715","title":{"rendered":"C\u00e9r\u00e9monie du 8 Mai"},"content":{"rendered":"\n<h3 class=\"wp-block-heading\">La c\u00e9r\u00e9monie comm\u00e9morative du 8 mai 1945 aura lieu<\/h3>\n\n\n\n<h3 class=\"wp-block-heading\">Vendredi 8 mai 2026<\/h3>\n\n\n\n<p><strong>\u00e0 11&nbsp; heures <\/strong><strong><\/strong><\/p>\n\n\n\n<p><strong>&nbsp;Aux Monuments aux Morts<\/strong><strong><\/strong><\/p>\n\n\n\n<p>Madame le Maire invite la population, les \u00e9l\u00e8ves de<\/p>\n\n\n\n<p>l\u2019\u00e9cole primaire, des coll\u00e8ges et des lyc\u00e9es \u00e0 participer<\/p>\n\n\n\n<p>en nombre \u00e0 cet anniversaire.<\/p>\n\n\n\n<p>Rassemblement \u00e0 partir de 10h45<\/p>\n","protected":false},"excerpt":{"rendered":"<p>La c\u00e9r\u00e9monie comm\u00e9morative du 8 mai 1945 aura lieu Vendredi 8 mai 2026 \u00e0 11&nbsp; heures &nbsp;Aux Monuments aux Morts Madame le Maire invite la population, les \u00e9l\u00e8ves de l\u2019\u00e9cole primaire, des coll\u00e8ges et des lyc\u00e9es \u00e0 participer en nombre \u00e0 cet anniversaire. Rassemblement \u00e0 partir de 10h45<\/p>\n<p> <a class=\"continue-reading-link\" href=\"https:\/\/meussia.fr\/?p=2715\"><span>Lire plus&#8230;<\/span><i class=\"crycon-right-dir\"><\/i><\/a><\/p>\n","protected":false},"author":2,"featured_media":0,"comment_status":"closed","ping_status":"closed","sticky":false,"template":"","format":"standard","meta":[],"categories":[4,1],"tags":[],"_links":{"self":[{"href":"https:\/\/meussia.fr\/index.php?rest_route=\/wp\/v2\/posts\/2715"}],"collection":[{"href":"https:\/\/meussia.fr\/index.php?rest_route=\/wp\/v2\/posts"}],"about":[{"href":"https:\/\/meussia.fr\/index.php?rest_route=\/wp\/v2\/types\/post"}],"author":[{"embeddable":true,"href":"https:\/\/meussia.fr\/index.php?rest_route=\/wp\/v2\/users\/2"}],"replies":[{"embeddable":true,"href":"https:\/\/meussia.fr\/index.php?rest_route=%2Fwp%2Fv2%2Fcomments&post=2715"}],"version-history":[{"count":1,"href":"https:\/\/meussia.fr\/index.php?rest_route=\/wp\/v2\/posts\/2715\/revisions"}],"predecessor-version":[{"id":2716,"href":"https:\/\/meussia.fr\/index.php?rest_route=\/wp\/v2\/posts\/2715\/revisions\/2716"}],"wp:attachment":[{"href":"https:\/\/meussia.fr\/index.php?rest_route=%2Fwp%2Fv2%2Fmedia&parent=2715"}],"wp:term":[{"taxonomy":"category","embeddable":true,"href":"https:\/\/meussia.fr\/index.php?rest_route=%2Fwp%2Fv2%2Fcategories&post=2715"},{"taxonomy":"post_tag","embeddable":true,"href":"https:\/\/meussia.fr\/index.php?rest_route=%2Fwp%2Fv2%2Ftags&post=2715"}],"curies":[{"name":"wp","href":"https:\/\/api.w.org\/{rel}","templated":true}]}}