{"id":2616,"date":"2026-01-27T18:05:26","date_gmt":"2026-01-27T17:05:26","guid":{"rendered":"https:\/\/meussia.fr\/?p=2616"},"modified":"2026-01-27T18:05:47","modified_gmt":"2026-01-27T17:05:47","slug":"seniors-en-vacances-ouverture-des-inscriptions-2026","status":"publish","type":"post","link":"https:\/\/meussia.fr\/?p=2616","title":{"rendered":"S\u00e9niors en vacances \/Ouverture des inscriptions 2026"},"content":{"rendered":"\n<p>Le Centre Intercommunal d\u2019Action Sociale (CIAS) de Terre d\u2019\u00c9meraude Communaut\u00e9 propose, pour l\u2019ann\u00e9e 2026,&nbsp;<strong>trois s\u00e9jours<\/strong>&nbsp;dans le cadre du dispositif \u00ab S\u00e9niors en vacances \u00bb.<\/p>\n\n\n\n<p><strong>Les destinations 2026 :<\/strong><\/p>\n\n\n\n<ul>\n<li><strong>Port-Manech (Bretagne)<\/strong>&nbsp;: du 25 avril au 2 mai 2026<\/li>\n\n\n\n<li><strong>La Petite Pierre (Alsace)<\/strong>&nbsp;: du 27 juin au 4 juillet 2026<\/li>\n\n\n\n<li><strong>Saint-Pair-sur-Mer (Normandie)<\/strong>&nbsp;: du 19 au 26 septembre 2026<\/li>\n<\/ul>\n\n\n\n<p>S\u2019\u00e9vader quelques jours, explorer de nouveaux horizons et partager des moments conviviaux\u2026 Telle est l\u2019invitation lanc\u00e9e par le CIAS de Terre d\u2019\u00c9meraude Communaut\u00e9.<\/p>\n\n\n\n<p>Ces s\u00e9jours ont pour objectif de permettre aux personnes disposant de revenus modestes de profiter de vacances accessibles, dans un cadre convivial et bienveillant.<\/p>\n\n\n\n<p>Chaque voyage accueille environ&nbsp;<strong>50 participants<\/strong>&nbsp;et les d\u00e9placements sont assur\u00e9s&nbsp;<strong>en autocar<\/strong>.<\/p>\n\n\n\n<p>Mis en \u0153uvre en partenariat avec l\u2019<strong>Agence Nationale des Ch\u00e8ques Vacances (ANCV)<\/strong>, ce programme s\u2019adresse \u00e0 toute personne \u00e2g\u00e9e de&nbsp;<strong>60 ans et plus<\/strong>&nbsp;et peut \u00eatre renouvel\u00e9 chaque ann\u00e9e.<\/p>\n\n\n\n<div class=\"wp-block-file\"><object class=\"wp-block-file__embed\" data=\"https:\/\/meussia.fr\/wp-content\/uploads\/2026\/01\/Affiche-voyages-2026.pdf\" type=\"application\/pdf\" style=\"width:100%;height:600px\" aria-label=\"Contenu embarqu\u00e9 Affiche-voyages-2026.\"><\/object><a id=\"wp-block-file--media-48d9e2cf-8349-404b-bc3f-1d30957d0128\" href=\"https:\/\/meussia.fr\/wp-content\/uploads\/2026\/01\/Affiche-voyages-2026.pdf\">Affiche-voyages-2026<\/a><a href=\"https:\/\/meussia.fr\/wp-content\/uploads\/2026\/01\/Affiche-voyages-2026.pdf\" class=\"wp-block-file__button wp-element-button\" download aria-describedby=\"wp-block-file--media-48d9e2cf-8349-404b-bc3f-1d30957d0128\">T\u00e9l\u00e9charger<\/a><\/div>\n\n\n\n<div class=\"wp-block-file\"><object class=\"wp-block-file__embed\" data=\"https:\/\/meussia.fr\/wp-content\/uploads\/2026\/01\/bulletin-dinscription-2026.pdf\" type=\"application\/pdf\" style=\"width:100%;height:600px\" aria-label=\"Contenu embarqu\u00e9 bulletin-dinscription-2026.\"><\/object><a id=\"wp-block-file--media-3c439a37-4f3f-4054-8cb2-68bda23703b9\" href=\"https:\/\/meussia.fr\/wp-content\/uploads\/2026\/01\/bulletin-dinscription-2026.pdf\">bulletin-dinscription-2026<\/a><a href=\"https:\/\/meussia.fr\/wp-content\/uploads\/2026\/01\/bulletin-dinscription-2026.pdf\" class=\"wp-block-file__button wp-element-button\" download aria-describedby=\"wp-block-file--media-3c439a37-4f3f-4054-8cb2-68bda23703b9\">T\u00e9l\u00e9charger<\/a><\/div>\n\n\n\n<div class=\"wp-block-file\"><object class=\"wp-block-file__embed\" data=\"https:\/\/meussia.fr\/wp-content\/uploads\/2026\/01\/Formulaire-PROTECTION-des-DONNEES.pdf\" type=\"application\/pdf\" style=\"width:100%;height:600px\" aria-label=\"Contenu embarqu\u00e9 Formulaire-PROTECTION-des-DONNEES.\"><\/object><a id=\"wp-block-file--media-50612a5e-b82e-441b-9d45-e20408fdc8bd\" href=\"https:\/\/meussia.fr\/wp-content\/uploads\/2026\/01\/Formulaire-PROTECTION-des-DONNEES.pdf\">Formulaire-PROTECTION-des-DONNEES<\/a><a href=\"https:\/\/meussia.fr\/wp-content\/uploads\/2026\/01\/Formulaire-PROTECTION-des-DONNEES.pdf\" class=\"wp-block-file__button wp-element-button\" download aria-describedby=\"wp-block-file--media-50612a5e-b82e-441b-9d45-e20408fdc8bd\">T\u00e9l\u00e9charger<\/a><\/div>\n\n\n\n<div class=\"wp-block-file\"><object class=\"wp-block-file__embed\" data=\"https:\/\/meussia.fr\/wp-content\/uploads\/2026\/01\/Programmes-voyages-2026.pdf\" type=\"application\/pdf\" style=\"width:100%;height:600px\" aria-label=\"Contenu embarqu\u00e9 Programmes-voyages-2026.\"><\/object><a id=\"wp-block-file--media-5621138e-f644-4b04-a22d-b65aea2c948e\" href=\"https:\/\/meussia.fr\/wp-content\/uploads\/2026\/01\/Programmes-voyages-2026.pdf\">Programmes-voyages-2026<\/a><a href=\"https:\/\/meussia.fr\/wp-content\/uploads\/2026\/01\/Programmes-voyages-2026.pdf\" class=\"wp-block-file__button wp-element-button\" download aria-describedby=\"wp-block-file--media-5621138e-f644-4b04-a22d-b65aea2c948e\">T\u00e9l\u00e9charger<\/a><\/div>\n","protected":false},"excerpt":{"rendered":"<p>Le Centre Intercommunal d\u2019Action Sociale (CIAS) de Terre d\u2019\u00c9meraude Communaut\u00e9 propose, pour l\u2019ann\u00e9e 2026,&nbsp;trois s\u00e9jours&nbsp;dans le cadre du dispositif \u00ab S\u00e9niors en vacances \u00bb. Les destinations 2026 : S\u2019\u00e9vader quelques jours, explorer de nouveaux horizons et partager des moments conviviaux\u2026 Telle est l\u2019invitation lanc\u00e9e par le CIAS de Terre d\u2019\u00c9meraude\u2026<\/p>\n<p> <a class=\"continue-reading-link\" href=\"https:\/\/meussia.fr\/?p=2616\"><span>Lire plus&#8230;<\/span><i class=\"crycon-right-dir\"><\/i><\/a><\/p>\n","protected":false},"author":2,"featured_media":0,"comment_status":"closed","ping_status":"closed","sticky":false,"template":"","format":"standard","meta":[],"categories":[4,1],"tags":[],"_links":{"self":[{"href":"https:\/\/meussia.fr\/index.php?rest_route=\/wp\/v2\/posts\/2616"}],"collection":[{"href":"https:\/\/meussia.fr\/index.php?rest_route=\/wp\/v2\/posts"}],"about":[{"href":"https:\/\/meussia.fr\/index.php?rest_route=\/wp\/v2\/types\/post"}],"author":[{"embeddable":true,"href":"https:\/\/meussia.fr\/index.php?rest_route=\/wp\/v2\/users\/2"}],"replies":[{"embeddable":true,"href":"https:\/\/meussia.fr\/index.php?rest_route=%2Fwp%2Fv2%2Fcomments&post=2616"}],"version-history":[{"count":1,"href":"https:\/\/meussia.fr\/index.php?rest_route=\/wp\/v2\/posts\/2616\/revisions"}],"predecessor-version":[{"id":2621,"href":"https:\/\/meussia.fr\/index.php?rest_route=\/wp\/v2\/posts\/2616\/revisions\/2621"}],"wp:attachment":[{"href":"https:\/\/meussia.fr\/index.php?rest_route=%2Fwp%2Fv2%2Fmedia&parent=2616"}],"wp:term":[{"taxonomy":"category","embeddable":true,"href":"https:\/\/meussia.fr\/index.php?rest_route=%2Fwp%2Fv2%2Fcategories&post=2616"},{"taxonomy":"post_tag","embeddable":true,"href":"https:\/\/meussia.fr\/index.php?rest_route=%2Fwp%2Fv2%2Ftags&post=2616"}],"curies":[{"name":"wp","href":"https:\/\/api.w.org\/{rel}","templated":true}]}}